{"id":37639,"date":"2026-09-04T17:21:54","date_gmt":"2026-09-04T20:21:54","guid":{"rendered":"https:\/\/betterpros.com\/careers\/?p=37639"},"modified":"2026-09-04T17:26:40","modified_gmt":"2026-09-04T20:26:40","slug":"de-drafter-a-bim-coordinator-camino-de-carrera","status":"publish","type":"post","link":"https:\/\/betterpros.com\/careers\/es\/blog\/arquitectura\/de-drafter-a-bim-coordinator-camino-de-carrera\/","title":{"rendered":"De drafter a BIM coordinator: el camino de carrera remoto en AEC"},"content":{"rendered":"","protected":false},"excerpt":{"rendered":"","protected":false},"author":17,"featured_media":37643,"comment_status":"closed","ping_status":"closed","sticky":false,"template":"","format":"standard","meta":{"content-type":"","footnotes":""},"categories":[308],"tags":[],"class_list":["post-37639","post","type-post","status-publish","format-standard","has-post-thumbnail","hentry","category-arquitectura"],"yoast_head":"<!-- This site is optimized with the Yoast SEO plugin v28.4 - https:\/\/yoast.com\/product\/yoast-seo-wordpress\/ -->\n<title>De drafter a BIM coordinator: el camino de carrera remoto en AEC<\/title>\n<meta name=\"description\" content=\"El camino de carrera remoto de CAD drafter a BIM modeler a BIM coordinator: qu\u00e9 hace cada rol, qu\u00e9 los separa, y qu\u00e9 te hace subir de verdad.\" \/>\n<meta name=\"robots\" content=\"index, follow, max-snippet:-1, max-image-preview:large, max-video-preview:-1\" \/>\n<link rel=\"canonical\" href=\"https:\/\/betterpros.com\/careers\/es\/blog\/arquitectura\/de-drafter-a-bim-coordinator-camino-de-carrera\/\" \/>\n<meta property=\"og:locale\" content=\"es_ES\" \/>\n<meta property=\"og:type\" content=\"article\" \/>\n<meta property=\"og:title\" content=\"De drafter a BIM coordinator: el camino de carrera remoto en AEC\" \/>\n<meta property=\"og:description\" content=\"El camino de carrera remoto de CAD drafter a BIM modeler a BIM coordinator: qu\u00e9 hace cada rol, qu\u00e9 los separa, y qu\u00e9 te hace subir de verdad.\" \/>\n<meta property=\"og:url\" content=\"https:\/\/betterpros.com\/careers\/es\/blog\/arquitectura\/de-drafter-a-bim-coordinator-camino-de-carrera\/\" \/>\n<meta property=\"og:site_name\" content=\"Careers\" \/>\n<meta property=\"article:publisher\" content=\"https:\/\/www.facebook.com\/Better-Pros-105415752069554\" \/>\n<meta property=\"article:published_time\" content=\"2026-09-04T20:21:54+00:00\" \/>\n<meta property=\"article:modified_time\" content=\"2026-09-04T20:26:40+00:00\" \/>\n<meta property=\"og:image\" content=\"https:\/\/betterpros.com\/careers\/wp-content\/uploads\/2026\/09\/From-drafter-to-BIM-coordinator-the-remote-AEC-career-path-scaled.jpg\" \/>\n\t<meta property=\"og:image:width\" content=\"2560\" \/>\n\t<meta property=\"og:image:height\" content=\"1429\" \/>\n\t<meta property=\"og:image:type\" content=\"image\/jpeg\" \/>\n<meta name=\"author\" content=\"Luis Dopico\" \/>\n<meta name=\"twitter:card\" content=\"summary_large_image\" \/>\n<meta name=\"twitter:label1\" content=\"Escrito por\" \/>\n\t<meta name=\"twitter:data1\" content=\"Luis Dopico\" \/>\n\t<meta name=\"twitter:label2\" content=\"Tiempo de lectura\" \/>\n\t<meta name=\"twitter:data2\" content=\"1 minuto\" \/>\n<script type=\"application\/ld+json\" class=\"yoast-schema-graph\">{\"@context\":\"https:\\\/\\\/schema.org\",\"@graph\":[{\"@type\":[\"Article\",\"BlogPosting\"],\"@id\":\"https:\\\/\\\/betterpros.com\\\/careers\\\/es\\\/blog\\\/arquitectura\\\/de-drafter-a-bim-coordinator-camino-de-carrera\\\/#article\",\"isPartOf\":{\"@id\":\"https:\\\/\\\/betterpros.com\\\/careers\\\/es\\\/blog\\\/arquitectura\\\/de-drafter-a-bim-coordinator-camino-de-carrera\\\/\"},\"author\":{\"name\":\"Luis Dopico\",\"@id\":\"https:\\\/\\\/betterpros.com\\\/careers\\\/es\\\/#\\\/schema\\\/person\\\/7832bf415704cfc792130eb50439a5b8\"},\"headline\":\"De drafter a BIM coordinator: el camino de carrera remoto en AEC\",\"datePublished\":\"2026-09-04T20:21:54+00:00\",\"dateModified\":\"2026-09-04T20:26:40+00:00\",\"mainEntityOfPage\":{\"@id\":\"https:\\\/\\\/betterpros.com\\\/careers\\\/es\\\/blog\\\/arquitectura\\\/de-drafter-a-bim-coordinator-camino-de-carrera\\\/\"},\"wordCount\":12,\"publisher\":{\"@id\":\"https:\\\/\\\/betterpros.com\\\/careers\\\/es\\\/#organization\"},\"image\":{\"@id\":\"https:\\\/\\\/betterpros.com\\\/careers\\\/es\\\/blog\\\/arquitectura\\\/de-drafter-a-bim-coordinator-camino-de-carrera\\\/#primaryimage\"},\"thumbnailUrl\":\"https:\\\/\\\/betterpros.com\\\/careers\\\/wp-content\\\/uploads\\\/2026\\\/09\\\/From-drafter-to-BIM-coordinator-the-remote-AEC-career-path-scaled.jpg\",\"articleSection\":[\"Arquitectura\"],\"inLanguage\":\"es\"},{\"@type\":\"WebPage\",\"@id\":\"https:\\\/\\\/betterpros.com\\\/careers\\\/es\\\/blog\\\/arquitectura\\\/de-drafter-a-bim-coordinator-camino-de-carrera\\\/\",\"url\":\"https:\\\/\\\/betterpros.com\\\/careers\\\/es\\\/blog\\\/arquitectura\\\/de-drafter-a-bim-coordinator-camino-de-carrera\\\/\",\"name\":\"De drafter a BIM coordinator: el camino de carrera remoto en AEC\",\"isPartOf\":{\"@id\":\"https:\\\/\\\/betterpros.com\\\/careers\\\/es\\\/#website\"},\"primaryImageOfPage\":{\"@id\":\"https:\\\/\\\/betterpros.com\\\/careers\\\/es\\\/blog\\\/arquitectura\\\/de-drafter-a-bim-coordinator-camino-de-carrera\\\/#primaryimage\"},\"image\":{\"@id\":\"https:\\\/\\\/betterpros.com\\\/careers\\\/es\\\/blog\\\/arquitectura\\\/de-drafter-a-bim-coordinator-camino-de-carrera\\\/#primaryimage\"},\"thumbnailUrl\":\"https:\\\/\\\/betterpros.com\\\/careers\\\/wp-content\\\/uploads\\\/2026\\\/09\\\/From-drafter-to-BIM-coordinator-the-remote-AEC-career-path-scaled.jpg\",\"datePublished\":\"2026-09-04T20:21:54+00:00\",\"dateModified\":\"2026-09-04T20:26:40+00:00\",\"description\":\"El camino de carrera remoto de CAD drafter a BIM modeler a BIM coordinator: qu\u00e9 hace cada rol, qu\u00e9 los separa, y qu\u00e9 te hace subir de verdad.\",\"breadcrumb\":{\"@id\":\"https:\\\/\\\/betterpros.com\\\/careers\\\/es\\\/blog\\\/arquitectura\\\/de-drafter-a-bim-coordinator-camino-de-carrera\\\/#breadcrumb\"},\"inLanguage\":\"es\",\"potentialAction\":[{\"@type\":\"ReadAction\",\"target\":[\"https:\\\/\\\/betterpros.com\\\/careers\\\/es\\\/blog\\\/arquitectura\\\/de-drafter-a-bim-coordinator-camino-de-carrera\\\/\"]}]},{\"@type\":\"ImageObject\",\"inLanguage\":\"es\",\"@id\":\"https:\\\/\\\/betterpros.com\\\/careers\\\/es\\\/blog\\\/arquitectura\\\/de-drafter-a-bim-coordinator-camino-de-carrera\\\/#primaryimage\",\"url\":\"https:\\\/\\\/betterpros.com\\\/careers\\\/wp-content\\\/uploads\\\/2026\\\/09\\\/From-drafter-to-BIM-coordinator-the-remote-AEC-career-path-scaled.jpg\",\"contentUrl\":\"https:\\\/\\\/betterpros.com\\\/careers\\\/wp-content\\\/uploads\\\/2026\\\/09\\\/From-drafter-to-BIM-coordinator-the-remote-AEC-career-path-scaled.jpg\",\"width\":2560,\"height\":1429,\"caption\":\"Latin American architectural professional transitioning from CAD drafter to BIM coordinator, analyzing multidisciplinary 3D building models on dual monitors in a modern remote workspace.\"},{\"@type\":\"BreadcrumbList\",\"@id\":\"https:\\\/\\\/betterpros.com\\\/careers\\\/es\\\/blog\\\/arquitectura\\\/de-drafter-a-bim-coordinator-camino-de-carrera\\\/#breadcrumb\",\"itemListElement\":[{\"@type\":\"ListItem\",\"position\":1,\"name\":\"Home\",\"item\":\"https:\\\/\\\/betterpros.com\\\/careers\\\/es\\\/\"},{\"@type\":\"ListItem\",\"position\":2,\"name\":\"De drafter a BIM coordinator: el camino de carrera remoto en AEC\"}]},{\"@type\":\"WebSite\",\"@id\":\"https:\\\/\\\/betterpros.com\\\/careers\\\/es\\\/#website\",\"url\":\"https:\\\/\\\/betterpros.com\\\/careers\\\/es\\\/\",\"name\":\"BetterPros Careers\",\"description\":\"Find a job in BetterPros Career Site\",\"publisher\":{\"@id\":\"https:\\\/\\\/betterpros.com\\\/careers\\\/es\\\/#organization\"},\"potentialAction\":[{\"@type\":\"SearchAction\",\"target\":{\"@type\":\"EntryPoint\",\"urlTemplate\":\"https:\\\/\\\/betterpros.com\\\/careers\\\/es\\\/?s={search_term_string}\"},\"query-input\":{\"@type\":\"PropertyValueSpecification\",\"valueRequired\":true,\"valueName\":\"search_term_string\"}}],\"inLanguage\":\"es\"},{\"@type\":\"Organization\",\"@id\":\"https:\\\/\\\/betterpros.com\\\/careers\\\/es\\\/#organization\",\"name\":\"BetterPros Careers\",\"url\":\"https:\\\/\\\/betterpros.com\\\/careers\\\/es\\\/\",\"logo\":{\"@type\":\"ImageObject\",\"inLanguage\":\"es\",\"@id\":\"https:\\\/\\\/betterpros.com\\\/careers\\\/es\\\/#\\\/schema\\\/logo\\\/image\\\/\",\"url\":\"https:\\\/\\\/betterpros.com\\\/careers\\\/wp-content\\\/uploads\\\/2023\\\/03\\\/betterpros-logo.png\",\"contentUrl\":\"https:\\\/\\\/betterpros.com\\\/careers\\\/wp-content\\\/uploads\\\/2023\\\/03\\\/betterpros-logo.png\",\"width\":1666,\"height\":491,\"caption\":\"BetterPros Careers\"},\"image\":{\"@id\":\"https:\\\/\\\/betterpros.com\\\/careers\\\/es\\\/#\\\/schema\\\/logo\\\/image\\\/\"},\"sameAs\":[\"https:\\\/\\\/www.facebook.com\\\/Better-Pros-105415752069554\",\"https:\\\/\\\/www.instagram.com\\\/betterpros\\\/\",\"https:\\\/\\\/www.linkedin.com\\\/company\\\/betterpros\\\/\"]},{\"@type\":\"Person\",\"@id\":\"https:\\\/\\\/betterpros.com\\\/careers\\\/es\\\/#\\\/schema\\\/person\\\/7832bf415704cfc792130eb50439a5b8\",\"name\":\"Luis Dopico\",\"image\":{\"@type\":\"ImageObject\",\"inLanguage\":\"es\",\"@id\":\"https:\\\/\\\/secure.gravatar.com\\\/avatar\\\/83d97346f182b77d8a24e911a5a1ac97eaac89c678be2121f6e0af4187a9df11?s=96&d=mm&r=g\",\"url\":\"https:\\\/\\\/secure.gravatar.com\\\/avatar\\\/83d97346f182b77d8a24e911a5a1ac97eaac89c678be2121f6e0af4187a9df11?s=96&d=mm&r=g\",\"contentUrl\":\"https:\\\/\\\/secure.gravatar.com\\\/avatar\\\/83d97346f182b77d8a24e911a5a1ac97eaac89c678be2121f6e0af4187a9df11?s=96&d=mm&r=g\",\"caption\":\"Luis Dopico\"}}]}<\/script>\n<!-- \/ Yoast SEO plugin. -->","yoast_head_json":{"title":"De drafter a BIM coordinator: el camino de carrera remoto en AEC","description":"El camino de carrera remoto de CAD drafter a BIM modeler a BIM coordinator: qu\u00e9 hace cada rol, qu\u00e9 los separa, y qu\u00e9 te hace subir de verdad.","robots":{"index":"index","follow":"follow","max-snippet":"max-snippet:-1","max-image-preview":"max-image-preview:large","max-video-preview":"max-video-preview:-1"},"canonical":"https:\/\/betterpros.com\/careers\/es\/blog\/arquitectura\/de-drafter-a-bim-coordinator-camino-de-carrera\/","og_locale":"es_ES","og_type":"article","og_title":"De drafter a BIM coordinator: el camino de carrera remoto en AEC","og_description":"El camino de carrera remoto de CAD drafter a BIM modeler a BIM coordinator: qu\u00e9 hace cada rol, qu\u00e9 los separa, y qu\u00e9 te hace subir de verdad.","og_url":"https:\/\/betterpros.com\/careers\/es\/blog\/arquitectura\/de-drafter-a-bim-coordinator-camino-de-carrera\/","og_site_name":"Careers","article_publisher":"https:\/\/www.facebook.com\/Better-Pros-105415752069554","article_published_time":"2026-09-04T20:21:54+00:00","article_modified_time":"2026-09-04T20:26:40+00:00","og_image":[{"width":2560,"height":1429,"url":"https:\/\/betterpros.com\/careers\/wp-content\/uploads\/2026\/09\/From-drafter-to-BIM-coordinator-the-remote-AEC-career-path-scaled.jpg","type":"image\/jpeg"}],"author":"Luis Dopico","twitter_card":"summary_large_image","twitter_misc":{"Escrito por":"Luis Dopico","Tiempo de lectura":"1 minuto"},"schema":{"@context":"https:\/\/schema.org","@graph":[{"@type":["Article","BlogPosting"],"@id":"https:\/\/betterpros.com\/careers\/es\/blog\/arquitectura\/de-drafter-a-bim-coordinator-camino-de-carrera\/#article","isPartOf":{"@id":"https:\/\/betterpros.com\/careers\/es\/blog\/arquitectura\/de-drafter-a-bim-coordinator-camino-de-carrera\/"},"author":{"name":"Luis Dopico","@id":"https:\/\/betterpros.com\/careers\/es\/#\/schema\/person\/7832bf415704cfc792130eb50439a5b8"},"headline":"De drafter a BIM coordinator: el camino de carrera remoto en AEC","datePublished":"2026-09-04T20:21:54+00:00","dateModified":"2026-09-04T20:26:40+00:00","mainEntityOfPage":{"@id":"https:\/\/betterpros.com\/careers\/es\/blog\/arquitectura\/de-drafter-a-bim-coordinator-camino-de-carrera\/"},"wordCount":12,"publisher":{"@id":"https:\/\/betterpros.com\/careers\/es\/#organization"},"image":{"@id":"https:\/\/betterpros.com\/careers\/es\/blog\/arquitectura\/de-drafter-a-bim-coordinator-camino-de-carrera\/#primaryimage"},"thumbnailUrl":"https:\/\/betterpros.com\/careers\/wp-content\/uploads\/2026\/09\/From-drafter-to-BIM-coordinator-the-remote-AEC-career-path-scaled.jpg","articleSection":["Arquitectura"],"inLanguage":"es"},{"@type":"WebPage","@id":"https:\/\/betterpros.com\/careers\/es\/blog\/arquitectura\/de-drafter-a-bim-coordinator-camino-de-carrera\/","url":"https:\/\/betterpros.com\/careers\/es\/blog\/arquitectura\/de-drafter-a-bim-coordinator-camino-de-carrera\/","name":"De drafter a BIM coordinator: el camino de carrera remoto en AEC","isPartOf":{"@id":"https:\/\/betterpros.com\/careers\/es\/#website"},"primaryImageOfPage":{"@id":"https:\/\/betterpros.com\/careers\/es\/blog\/arquitectura\/de-drafter-a-bim-coordinator-camino-de-carrera\/#primaryimage"},"image":{"@id":"https:\/\/betterpros.com\/careers\/es\/blog\/arquitectura\/de-drafter-a-bim-coordinator-camino-de-carrera\/#primaryimage"},"thumbnailUrl":"https:\/\/betterpros.com\/careers\/wp-content\/uploads\/2026\/09\/From-drafter-to-BIM-coordinator-the-remote-AEC-career-path-scaled.jpg","datePublished":"2026-09-04T20:21:54+00:00","dateModified":"2026-09-04T20:26:40+00:00","description":"El camino de carrera remoto de CAD drafter a BIM modeler a BIM coordinator: qu\u00e9 hace cada rol, qu\u00e9 los separa, y qu\u00e9 te hace subir de verdad.","breadcrumb":{"@id":"https:\/\/betterpros.com\/careers\/es\/blog\/arquitectura\/de-drafter-a-bim-coordinator-camino-de-carrera\/#breadcrumb"},"inLanguage":"es","potentialAction":[{"@type":"ReadAction","target":["https:\/\/betterpros.com\/careers\/es\/blog\/arquitectura\/de-drafter-a-bim-coordinator-camino-de-carrera\/"]}]},{"@type":"ImageObject","inLanguage":"es","@id":"https:\/\/betterpros.com\/careers\/es\/blog\/arquitectura\/de-drafter-a-bim-coordinator-camino-de-carrera\/#primaryimage","url":"https:\/\/betterpros.com\/careers\/wp-content\/uploads\/2026\/09\/From-drafter-to-BIM-coordinator-the-remote-AEC-career-path-scaled.jpg","contentUrl":"https:\/\/betterpros.com\/careers\/wp-content\/uploads\/2026\/09\/From-drafter-to-BIM-coordinator-the-remote-AEC-career-path-scaled.jpg","width":2560,"height":1429,"caption":"Latin American architectural professional transitioning from CAD drafter to BIM coordinator, analyzing multidisciplinary 3D building models on dual monitors in a modern remote workspace."},{"@type":"BreadcrumbList","@id":"https:\/\/betterpros.com\/careers\/es\/blog\/arquitectura\/de-drafter-a-bim-coordinator-camino-de-carrera\/#breadcrumb","itemListElement":[{"@type":"ListItem","position":1,"name":"Home","item":"https:\/\/betterpros.com\/careers\/es\/"},{"@type":"ListItem","position":2,"name":"De drafter a BIM coordinator: el camino de carrera remoto en AEC"}]},{"@type":"WebSite","@id":"https:\/\/betterpros.com\/careers\/es\/#website","url":"https:\/\/betterpros.com\/careers\/es\/","name":"BetterPros Careers","description":"Find a job in BetterPros Career Site","publisher":{"@id":"https:\/\/betterpros.com\/careers\/es\/#organization"},"potentialAction":[{"@type":"SearchAction","target":{"@type":"EntryPoint","urlTemplate":"https:\/\/betterpros.com\/careers\/es\/?s={search_term_string}"},"query-input":{"@type":"PropertyValueSpecification","valueRequired":true,"valueName":"search_term_string"}}],"inLanguage":"es"},{"@type":"Organization","@id":"https:\/\/betterpros.com\/careers\/es\/#organization","name":"BetterPros Careers","url":"https:\/\/betterpros.com\/careers\/es\/","logo":{"@type":"ImageObject","inLanguage":"es","@id":"https:\/\/betterpros.com\/careers\/es\/#\/schema\/logo\/image\/","url":"https:\/\/betterpros.com\/careers\/wp-content\/uploads\/2023\/03\/betterpros-logo.png","contentUrl":"https:\/\/betterpros.com\/careers\/wp-content\/uploads\/2023\/03\/betterpros-logo.png","width":1666,"height":491,"caption":"BetterPros Careers"},"image":{"@id":"https:\/\/betterpros.com\/careers\/es\/#\/schema\/logo\/image\/"},"sameAs":["https:\/\/www.facebook.com\/Better-Pros-105415752069554","https:\/\/www.instagram.com\/betterpros\/","https:\/\/www.linkedin.com\/company\/betterpros\/"]},{"@type":"Person","@id":"https:\/\/betterpros.com\/careers\/es\/#\/schema\/person\/7832bf415704cfc792130eb50439a5b8","name":"Luis Dopico","image":{"@type":"ImageObject","inLanguage":"es","@id":"https:\/\/secure.gravatar.com\/avatar\/83d97346f182b77d8a24e911a5a1ac97eaac89c678be2121f6e0af4187a9df11?s=96&d=mm&r=g","url":"https:\/\/secure.gravatar.com\/avatar\/83d97346f182b77d8a24e911a5a1ac97eaac89c678be2121f6e0af4187a9df11?s=96&d=mm&r=g","contentUrl":"https:\/\/secure.gravatar.com\/avatar\/83d97346f182b77d8a24e911a5a1ac97eaac89c678be2121f6e0af4187a9df11?s=96&d=mm&r=g","caption":"Luis Dopico"}}]}},"_links":{"self":[{"href":"https:\/\/betterpros.com\/careers\/es\/wp-json\/wp\/v2\/posts\/37639","targetHints":{"allow":["GET"]}}],"collection":[{"href":"https:\/\/betterpros.com\/careers\/es\/wp-json\/wp\/v2\/posts"}],"about":[{"href":"https:\/\/betterpros.com\/careers\/es\/wp-json\/wp\/v2\/types\/post"}],"author":[{"embeddable":true,"href":"https:\/\/betterpros.com\/careers\/es\/wp-json\/wp\/v2\/users\/17"}],"replies":[{"embeddable":true,"href":"https:\/\/betterpros.com\/careers\/es\/wp-json\/wp\/v2\/comments?post=37639"}],"version-history":[{"count":2,"href":"https:\/\/betterpros.com\/careers\/es\/wp-json\/wp\/v2\/posts\/37639\/revisions"}],"predecessor-version":[{"id":37641,"href":"https:\/\/betterpros.com\/careers\/es\/wp-json\/wp\/v2\/posts\/37639\/revisions\/37641"}],"wp:featuredmedia":[{"embeddable":true,"href":"https:\/\/betterpros.com\/careers\/es\/wp-json\/wp\/v2\/media\/37643"}],"wp:attachment":[{"href":"https:\/\/betterpros.com\/careers\/es\/wp-json\/wp\/v2\/media?parent=37639"}],"wp:term":[{"taxonomy":"category","embeddable":true,"href":"https:\/\/betterpros.com\/careers\/es\/wp-json\/wp\/v2\/categories?post=37639"},{"taxonomy":"post_tag","embeddable":true,"href":"https:\/\/betterpros.com\/careers\/es\/wp-json\/wp\/v2\/tags?post=37639"}],"curies":[{"name":"wp","href":"https:\/\/api.w.org\/{rel}","templated":true}]}}